{"id":1427,"date":"2024-10-03T15:29:01","date_gmt":"2024-10-03T13:29:01","guid":{"rendered":"https:\/\/collegiumvocale.info\/?p=1427"},"modified":"2025-04-29T18:47:04","modified_gmt":"2025-04-29T16:47:04","slug":"distler-al","status":"publish","type":"post","link":"https:\/\/collegiumvocale.info\/?p=1427","title":{"rendered":"DISTLER &#038; al."},"content":{"rendered":"\n<figure class=\"wp-block-image size-full is-resized\"><a href=\"https:\/\/collegiumvocale.info\/wp-content\/uploads\/2024\/10\/tod.png\"><img decoding=\"async\" loading=\"lazy\" src=\"https:\/\/collegiumvocale.info\/wp-content\/uploads\/2024\/10\/tod.png\" alt=\"\" class=\"wp-image-1428\" width=\"328\" height=\"217\" srcset=\"https:\/\/collegiumvocale.info\/wp-content\/uploads\/2024\/10\/tod.png 829w, https:\/\/collegiumvocale.info\/wp-content\/uploads\/2024\/10\/tod-300x198.png 300w, https:\/\/collegiumvocale.info\/wp-content\/uploads\/2024\/10\/tod-768x507.png 768w\" sizes=\"(max-width: 328px) 100vw, 328px\" \/><\/a><\/figure>\n\n\n\n<h4 class=\"wp-block-heading\"><strong>Samstag, 16. November, 19 Uhr<br>Pfarrkirche St. Nikolaus, Innsbruck<br>Sonntag, 17. November, 19 Uhr<br>Pfarrkirche Inzing<\/strong><\/h4>\n\n\n\n<p>Sprecher: Mathias Gastl (Tod), Inzinger Maschgerer u.a.<br>Fl\u00f6te: Thomas Mitteregger<br>Kammerchor Collegium vocale Innsbruck<br><br>LEITUNG: Brigitte Wurzer<\/p>\n\n\n\n<p><strong>\u201eKomm, s\u00fc\u00dfer Tod. Komm, sel\u2019ge Ruh\u2018. Komm, f\u00fchre mich in Friede.\u201c<\/strong><\/p>\n\n\n\n<p>Wer den Tod dazu auffordert, ist \u201eder Welt m\u00fcde\u201c.<br>So hei\u00dft es im Gesangbuch, das Schemelli 1736 herausgab und Bach musikalisch betreute.<br>F\u00fcr den Gerechten ist es ein Weg ins Leben, \u201eund seine Schritte wanken nicht\u201c (Bruckner:&nbsp;<em>Os justi<\/em>).<br>Doch f\u00fcr die wenigsten ist der Tod eine sichere Bank.<br>Und so wanken sie vom Kaiser bis zum Kind, wenn sie der Schnitter zum letzten Tanz auffordert.<br>Viele hat dieses Thema ber\u00fchrt und k\u00fcnstlerisch inspiriert,<br>den gro\u00dfen Johannes Brahms und auch den jungen Hugo Distler.<br>Seine Motette zum Totensonntag steht im Zentrum dieses A-capella-Abends.<\/p>\n","protected":false},"excerpt":{"rendered":"<p>Samstag, 16. November, 19 UhrPfarrkirche St. Nikolaus, InnsbruckSonntag, 17. November, 19 UhrPfarrkirche Inzing Sprecher: Mathias Gastl (Tod), Inzinger Maschgerer u.a.Fl\u00f6te: Thomas MittereggerKammerchor Collegium vocale Innsbruck LEITUNG: Brigitte Wurzer \u201eKomm, s\u00fc\u00dfer Tod. Komm, sel\u2019ge Ruh\u2018. Komm, f\u00fchre mich in Friede.\u201c Wer den Tod dazu auffordert, ist \u201eder Welt m\u00fcde\u201c.So hei\u00dft es im Gesangbuch, das Schemelli 1736 [&hellip;]<\/p>\n","protected":false},"author":3,"featured_media":0,"comment_status":"closed","ping_status":"closed","sticky":false,"template":"","format":"standard","meta":[],"categories":[1],"tags":[],"_links":{"self":[{"href":"https:\/\/collegiumvocale.info\/index.php?rest_route=\/wp\/v2\/posts\/1427"}],"collection":[{"href":"https:\/\/collegiumvocale.info\/index.php?rest_route=\/wp\/v2\/posts"}],"about":[{"href":"https:\/\/collegiumvocale.info\/index.php?rest_route=\/wp\/v2\/types\/post"}],"author":[{"embeddable":true,"href":"https:\/\/collegiumvocale.info\/index.php?rest_route=\/wp\/v2\/users\/3"}],"replies":[{"embeddable":true,"href":"https:\/\/collegiumvocale.info\/index.php?rest_route=%2Fwp%2Fv2%2Fcomments&post=1427"}],"version-history":[{"count":10,"href":"https:\/\/collegiumvocale.info\/index.php?rest_route=\/wp\/v2\/posts\/1427\/revisions"}],"predecessor-version":[{"id":1531,"href":"https:\/\/collegiumvocale.info\/index.php?rest_route=\/wp\/v2\/posts\/1427\/revisions\/1531"}],"wp:attachment":[{"href":"https:\/\/collegiumvocale.info\/index.php?rest_route=%2Fwp%2Fv2%2Fmedia&parent=1427"}],"wp:term":[{"taxonomy":"category","embeddable":true,"href":"https:\/\/collegiumvocale.info\/index.php?rest_route=%2Fwp%2Fv2%2Fcategories&post=1427"},{"taxonomy":"post_tag","embeddable":true,"href":"https:\/\/collegiumvocale.info\/index.php?rest_route=%2Fwp%2Fv2%2Ftags&post=1427"}],"curies":[{"name":"wp","href":"https:\/\/api.w.org\/{rel}","templated":true}]}}