{"id":1145,"date":"2021-11-01T19:52:14","date_gmt":"2021-11-01T17:52:14","guid":{"rendered":"http:\/\/collegiumvocale.info\/?p=1145"},"modified":"2025-04-29T18:48:32","modified_gmt":"2025-04-29T16:48:32","slug":"1145","status":"publish","type":"post","link":"https:\/\/collegiumvocale.info\/?p=1145","title":{"rendered":"MUSIK ZUM ADVENT"},"content":{"rendered":"<div class=\"wp-block-image\">\n<figure class=\"aligncenter is-resized\"><img decoding=\"async\" loading=\"lazy\" src=\"http:\/\/collegiumvocale.info\/wp-content\/uploads\/2021\/11\/Immanuel-1024x570.jpg\" alt=\"\" class=\"wp-image-1144\" width=\"352\" height=\"196\" srcset=\"https:\/\/collegiumvocale.info\/wp-content\/uploads\/2021\/11\/Immanuel-1024x570.jpg 1024w, https:\/\/collegiumvocale.info\/wp-content\/uploads\/2021\/11\/Immanuel-300x167.jpg 300w, https:\/\/collegiumvocale.info\/wp-content\/uploads\/2021\/11\/Immanuel-768x428.jpg 768w, https:\/\/collegiumvocale.info\/wp-content\/uploads\/2021\/11\/Immanuel.jpg 1911w\" sizes=\"(max-width: 352px) 100vw, 352px\" \/><\/figure><\/div>\n\n\n<h2 class=\"wp-block-heading has-text-align-center\">von Alfonso X. El Sabio bis Zolt\u00e1n Kod\u00e1ly<\/h2>\n\n\n\n<h3 class=\"wp-block-heading has-text-align-center\">Samstag, 18. Dezember 2021<\/h3>\n\n\n\n<h4 class=\"wp-block-heading has-text-align-center\">1. Konzert: 17.00 Uhr<br>2. Konzert: 19.30 Uhr<br>GOTISCHER KELLER HOFBURG INNSBRUCK<br>Rennweg 1, Eingang Herrengasse<\/h4>\n\n\n\n<blockquote class=\"wp-block-quote has-text-align-center\">\n<p><strong><a href=\"ttps:\/\/markusforster.com\">Markus Forster<\/a>&nbsp;<\/strong>Altus<br><strong>Cemplified: Peter Polzer, Julian Walker&nbsp;<\/strong>Violoncello<br><strong>Reinhild Waldek&nbsp;<\/strong>Renaissance-Harfe<br><strong><a href=\"https:\/\/www.maria-ma.com\">Maria Ma<\/a>&nbsp;<\/strong>Hackbrett<br><strong>Johanna Wenter&nbsp;<\/strong>Blockfl\u00f6ten<br><strong><a href=\"https:\/\/tobias-steinberger.at\">Tobias Steinberger<\/a>&nbsp;<\/strong>Percussion<br><strong>Kammerchor Collegium vocale Innsbruck <\/strong><br><strong>Bernhard Sieberer&nbsp;<\/strong>musikalische Leitung<\/p>\n<\/blockquote>\n\n\n\n<blockquote class=\"wp-block-quote\">\n<p>F\u00fcr den Konzertabend&nbsp;<strong><em>Veni Immanuel<\/em><\/strong>&nbsp;hat Bernhard Sieberer&nbsp;<strong>Musik aus jahrhundertealter Tradition bis herauf in unsere Zeit&nbsp;<\/strong>zusammengestellt. In ihrer Archaik und gleichzeitig Modernit\u00e4t bildet sie \u2013 <strong>atmosph\u00e4risch aufgeladen&nbsp;in den dunklen Gew\u00f6lben des Gotischen Kellers der Hofburg&nbsp;Innsbruck<\/strong> \u2013 einen ebenso besinnlichen wie feurigen Reigen. \u00dcberall zu sp\u00fcren ist die&nbsp;Sehnsucht nach jenem Licht, das die nahende Weihnacht erstrahlen l\u00e4sst und im Advent entz\u00fcndet wird.<br>Werke ua. von Alfonso X. El Sabio, Matteo Flecha d. \u00c4., Grzegorz Gerwazy Gorczycki, Giulio Caccini\/Vladimir Vavilov, Johannes Brahms\/Kay Johannsen\/J\u00f3zef Swider, Pepping\/ Distler\/Mendelssohn, Sergei Rachmaninoff, Gustav Holst, Zolt\u00e1n Kod\u00e1ly, aus dem Llibre Vermell de Monserrat und der Advent-Liturgie sowie traditionelle Adventlieder<\/p>\n<\/blockquote>\n","protected":false},"excerpt":{"rendered":"<p>von Alfonso X. El Sabio bis Zolt\u00e1n Kod\u00e1ly Samstag, 18. Dezember 2021 1. Konzert: 17.00 Uhr2. Konzert: 19.30 UhrGOTISCHER KELLER HOFBURG INNSBRUCKRennweg 1, Eingang Herrengasse Markus Forster&nbsp;AltusCemplified: Peter Polzer, Julian Walker&nbsp;VioloncelloReinhild Waldek&nbsp;Renaissance-HarfeMaria Ma&nbsp;HackbrettJohanna Wenter&nbsp;Blockfl\u00f6tenTobias Steinberger&nbsp;PercussionKammerchor Collegium vocale Innsbruck Bernhard Sieberer&nbsp;musikalische Leitung F\u00fcr den Konzertabend&nbsp;Veni Immanuel&nbsp;hat Bernhard Sieberer&nbsp;Musik aus jahrhundertealter Tradition bis herauf in unsere Zeit&nbsp;zusammengestellt. [&hellip;]<\/p>\n","protected":false},"author":3,"featured_media":0,"comment_status":"open","ping_status":"open","sticky":false,"template":"","format":"standard","meta":[],"categories":[1],"tags":[],"_links":{"self":[{"href":"https:\/\/collegiumvocale.info\/index.php?rest_route=\/wp\/v2\/posts\/1145"}],"collection":[{"href":"https:\/\/collegiumvocale.info\/index.php?rest_route=\/wp\/v2\/posts"}],"about":[{"href":"https:\/\/collegiumvocale.info\/index.php?rest_route=\/wp\/v2\/types\/post"}],"author":[{"embeddable":true,"href":"https:\/\/collegiumvocale.info\/index.php?rest_route=\/wp\/v2\/users\/3"}],"replies":[{"embeddable":true,"href":"https:\/\/collegiumvocale.info\/index.php?rest_route=%2Fwp%2Fv2%2Fcomments&post=1145"}],"version-history":[{"count":18,"href":"https:\/\/collegiumvocale.info\/index.php?rest_route=\/wp\/v2\/posts\/1145\/revisions"}],"predecessor-version":[{"id":1535,"href":"https:\/\/collegiumvocale.info\/index.php?rest_route=\/wp\/v2\/posts\/1145\/revisions\/1535"}],"wp:attachment":[{"href":"https:\/\/collegiumvocale.info\/index.php?rest_route=%2Fwp%2Fv2%2Fmedia&parent=1145"}],"wp:term":[{"taxonomy":"category","embeddable":true,"href":"https:\/\/collegiumvocale.info\/index.php?rest_route=%2Fwp%2Fv2%2Fcategories&post=1145"},{"taxonomy":"post_tag","embeddable":true,"href":"https:\/\/collegiumvocale.info\/index.php?rest_route=%2Fwp%2Fv2%2Ftags&post=1145"}],"curies":[{"name":"wp","href":"https:\/\/api.w.org\/{rel}","templated":true}]}}