{"id":1016,"date":"2019-11-17T20:30:58","date_gmt":"2019-11-17T18:30:58","guid":{"rendered":"http:\/\/collegiumvocale.info\/?p=1016"},"modified":"2024-10-03T15:38:06","modified_gmt":"2024-10-03T13:38:06","slug":"weihnacht-barock","status":"publish","type":"post","link":"https:\/\/collegiumvocale.info\/?p=1016","title":{"rendered":"WEIHNACHT BAROCK"},"content":{"rendered":"\n<h3 class=\"wp-block-heading\">Bach \u2013 Charpentier \u2013 H\u00e4ndel \u2013 Vivaldi<\/h3>\n\n\n\n<figure class=\"wp-block-image is-resized\"><img decoding=\"async\" loading=\"lazy\" src=\"http:\/\/collegiumvocale.info\/wp-content\/uploads\/2019\/11\/cv_konzert_Jaenner-2020-3_Fotor-1024x678.jpg\" alt=\"\" class=\"wp-image-1008\" width=\"267\" height=\"177\" srcset=\"https:\/\/collegiumvocale.info\/wp-content\/uploads\/2019\/11\/cv_konzert_Jaenner-2020-3_Fotor-1024x678.jpg 1024w, https:\/\/collegiumvocale.info\/wp-content\/uploads\/2019\/11\/cv_konzert_Jaenner-2020-3_Fotor-300x199.jpg 300w, https:\/\/collegiumvocale.info\/wp-content\/uploads\/2019\/11\/cv_konzert_Jaenner-2020-3_Fotor-768x509.jpg 768w, https:\/\/collegiumvocale.info\/wp-content\/uploads\/2019\/11\/cv_konzert_Jaenner-2020-3_Fotor.jpg 1306w\" sizes=\"(max-width: 267px) 100vw, 267px\" \/><\/figure>\n\n\n\n<h2 class=\"wp-block-heading\">Sonntag, 5. J\u00e4nner 2020, 18 Uhr<br>Canisianum Innsbruck<\/h2>\n\n\n\n<p class=\"has-normal-font-size\"><strong>Martin Yavryan<\/strong> Violine 1 \u2013 <strong>Clemens Gahl<\/strong> Violine 2 \u2013<br><strong>Clara Zschocke<\/strong> Viola \u2013 <strong>Peter Polzer<\/strong> Violoncello<br><strong>Albrecht Lippmann <\/strong>Kontrabass \u2013 <strong>Andrius Puskunigis<\/strong> Oboe<br><strong>Penelope Laube <\/strong>Blockfl\u00f6te \u2013 <strong>Johanna Wenter <\/strong>Blockfl\u00f6te<br><strong>Jacopo Sabina<\/strong> Theorbe \u2013 <strong>Ewald Brandst\u00e4tter<\/strong> Orgelpositiv<br><strong>Sprecher:<\/strong>&nbsp;<a href=\"http:\/\/www.thomas-lackner.at\">Thomas Lackner<\/a><br><strong>Leitung:<\/strong>&nbsp;Bernhard Sieberer<\/p>\n\n\n\n<h4 class=\"wp-block-heading\"><em>\u201eUnd jedem Anfang wohnt ein Zauber inne,<br>Der uns besch\u00fctzt und der uns hilft, zu leben.\u201c<br><\/em>Hermann Hesse<br><\/h4>\n\n\n\n<p class=\"has-normal-font-size\"><br>In der Musik des 17. und 18. Jahrhunderts kommt in ganz Europa das barocke Lebensgef\u00fchl sp\u00fcrbar zum Ausdruck. Das gilt ganz besonders auch f\u00fcr die Weihnachtsmusik aus dieser Zeit. Wir spannen heute einen musikalischen Bogen von Deutschland nach Italien, Frankreich und England. Im Mittelpunkt steht Johann Sebastian Bach mit Ausschnitten aus seinem <em>Weihnachtsoratorium<\/em>, aus Kantaten und seinem <em>Magnificat<\/em>. Bach hat die Musik Alessandro Marcellos und Antonio Vivaldis sehr gesch\u00e4tzt, und seine Bearbeitungen des Oboenkonzertes von Marcello und der Siziliana von Vivaldi waren f\u00fcr beide italienischen Komponisten eine gro\u00dfe Ehre. Georg Philipp Telemann und Bach kannten sich pers\u00f6nlich, und er verwendet f\u00fcr den ersten Satz seines Konzertes f\u00fcr Fl\u00f6te oder Oboe und Streicher in G-Dur ein Thema, das wir bereits von Bach aus seinem Cembalokonzert in f-moll und aus der Sinfonia zur Kantate BWV 156 kennen.<br>Die noble Eleganz der Musik H\u00e4ndels, die italienische Leichtf\u00fc\u00dfigkeit in der Musik Vivaldis, Corellis und Marcellos und die franz\u00f6sische Verspieltheit in der Musik von Charpentier kreisen gleichsam um die unendliche Tiefe der Musik Bachs. Wir spannen aber nicht nur geographisch und musikalisch, sondern auch inhaltlich einen Bogen von der sehns\u00fcchtigen Erwartung der Adventszeit zur Begegnung mit dem Kind (auch in uns selbst), mit den Hirten und Engeln und mit den Weisen und K\u00f6nigen, und wir enden mit dem dankbaren Blick ins Neue Jahr.<br>Hilfreich auf dieser Reise sind sicher die Texte von <strong>Hermann Hesse<\/strong>, <strong>Mascha<\/strong> <strong>Kaleko<\/strong>, <strong>Rainer Maria Rilke<\/strong> und <strong>Josef Weinheber<\/strong>. Sie befassen sich mit den Geheimnissen von Geburt und Verg\u00e4nglichkeit, von Abschied und Neubeginn, von Unsicherheit und Freude und von der W\u00fcrde und der Entwicklung des Menschen. Um die gleichen Themen kreist die Musik und versucht das auszudr\u00fccken, was die Sprache allein nicht mehr vermag. Als Symbol daf\u00fcr erlauben wir uns, zwei Arien von der Violine ohne Text gleichsam \u201esingen\u201c zu lassen.<br><br><strong>Erwartung und Sehnsucht<\/strong><br>Alessandro Marcello\/Johann Sebastian Bach<br><strong><em>Adagio<\/em><\/strong> aus dem <em>Oboenkonzert in d-moll<\/em><br>Georg Friedrich H\u00e4ndel<br><strong><em>O though that tellest good tidings to Zion<\/em><\/strong> aus<em> Messiah<\/em><br>Johann Sebastian Bach<br><strong><em>Amen<\/em><\/strong> aus der Kantate<em> Nun komm der Heiden Heiland<\/em> \u2013 <strong><em>Wie soll ich dich empfangen<\/em><\/strong> aus dem <em>Weihnachtsoratorium<\/em><br><strong>Hermann Hesse \u201e<em>Ich sehn\u2018 mich so nach einem Land\u201c<\/em><\/strong><br><br><strong>Hirten und Verwunderung<\/strong><br>Georg Philipp Telemann<br><strong><em>Andante<\/em><\/strong> aus dem <em>Oboenkonzert in G-Dur<\/em><br>Johann Sebastian Bach<br><strong><em>Sicut locutus est<\/em><\/strong> aus dem <em>Magnificat<\/em><br>Arcangelo Corelli<br><strong><em>Grave<\/em><\/strong>und<strong><em>Vivace<\/em><\/strong> aus der <em>Sonata da Chiesa in F-Dur<\/em><br>Marc-Antoine Charpentier<br><strong><em>Notum fecit Dominus<\/em><\/strong> aus<em> In nativitatem Domini canticum<\/em><br><strong>Mascha Kaleko<em> \u201eSozusagen grundlos vergn\u00fcgt\u201c<\/em><\/strong><br><br><strong>Engel und Frieden<\/strong><br>Marc-Antoine Charpentier<br><strong><em>Sanctus<\/em><\/strong> aus der<em> Messe de Minuit pour No\u00ebl \u2013 <\/em><strong><em>Une jeune pucelle<\/em><\/strong> aus <em>No\u00ebls pour les Instruments<\/em> \u2013 <strong><em>Agnus Dei<\/em><\/strong> aus der<em> Messe de Minuit pour No\u00ebl<\/em><br><strong>Rainer Maria Rilke <\/strong>aus<strong> \u201e<em>Briefe an einen jungen Dichter\u201c<\/em><\/strong><br><br><strong>Der Blick auf das Kind<\/strong><br>Antonio Vivaldi<br><strong><em>Siziliano<\/em><\/strong> aus dem<em> Concerto grosso in d-moll, op 3, Nr. 11<\/em><br>Johann Sebastian Bach<br><strong><em>Brich an, du sch\u00f6nes Morgenlicht<\/em><\/strong> aus dem<em> Weihnachtsoratorium<\/em><br>Antonio Vivaldi<br><strong><em>Domine Deus, Rex coelestis<\/em><\/strong> aus dem <em>Gloria<\/em> (instrumental) \u2013 <strong><em>Domine Fili unigenite<\/em><\/strong> aus dem <em>Gloria<\/em><br><strong>Josef Weinheber<em> \u201eK\u00fcnstler\u201c<\/em><\/strong><br><br><strong>K\u00f6nige und Geschenke<\/strong><br>Johann Sebastian Bach<br><strong><em>Ich steh an deiner Krippen hier<\/em><\/strong> aus dem<em> Weihnachtsoratorium<\/em> \u2013 <strong><em>Fl\u00f6\u00dft, mein Heiland<\/em><\/strong> aus dem<em> Weihnachtsoratorium <\/em>(instrumental) \u2013 <strong><em>Die K\u00f6n\u2018ge aus Saba kamen dar<\/em><\/strong> aus der<em> Kantate <\/em>BWV 65<br><strong>Hermann Hesse<em> \u201eStufen\u201c<\/em><\/strong><br><br><strong>Dankbarkeit und Aufbruch<\/strong><br>Arcangelo Corelli<br><strong><em>Grave<\/em><\/strong> aus der <em>Sonata da Chiesa in D-Dur<\/em><br>Johann Sebastian Bach<br><strong><em>Ehre sei dir Gott gesungen<\/em><\/strong> aus dem <em>Weihnachtsoratorium<\/em><\/p>\n","protected":false},"excerpt":{"rendered":"<p>Bach \u2013 Charpentier \u2013 H\u00e4ndel \u2013 Vivaldi Sonntag, 5. J\u00e4nner 2020, 18 UhrCanisianum Innsbruck Martin Yavryan Violine 1 \u2013 Clemens Gahl Violine 2 \u2013Clara Zschocke Viola \u2013 Peter Polzer VioloncelloAlbrecht Lippmann Kontrabass \u2013 Andrius Puskunigis OboePenelope Laube Blockfl\u00f6te \u2013 Johanna Wenter Blockfl\u00f6teJacopo Sabina Theorbe \u2013 Ewald Brandst\u00e4tter OrgelpositivSprecher:&nbsp;Thomas LacknerLeitung:&nbsp;Bernhard Sieberer \u201eUnd jedem Anfang wohnt ein [&hellip;]<\/p>\n","protected":false},"author":3,"featured_media":0,"comment_status":"open","ping_status":"open","sticky":false,"template":"","format":"standard","meta":[],"categories":[1],"tags":[],"_links":{"self":[{"href":"https:\/\/collegiumvocale.info\/index.php?rest_route=\/wp\/v2\/posts\/1016"}],"collection":[{"href":"https:\/\/collegiumvocale.info\/index.php?rest_route=\/wp\/v2\/posts"}],"about":[{"href":"https:\/\/collegiumvocale.info\/index.php?rest_route=\/wp\/v2\/types\/post"}],"author":[{"embeddable":true,"href":"https:\/\/collegiumvocale.info\/index.php?rest_route=\/wp\/v2\/users\/3"}],"replies":[{"embeddable":true,"href":"https:\/\/collegiumvocale.info\/index.php?rest_route=%2Fwp%2Fv2%2Fcomments&post=1016"}],"version-history":[{"count":16,"href":"https:\/\/collegiumvocale.info\/index.php?rest_route=\/wp\/v2\/posts\/1016\/revisions"}],"predecessor-version":[{"id":1444,"href":"https:\/\/collegiumvocale.info\/index.php?rest_route=\/wp\/v2\/posts\/1016\/revisions\/1444"}],"wp:attachment":[{"href":"https:\/\/collegiumvocale.info\/index.php?rest_route=%2Fwp%2Fv2%2Fmedia&parent=1016"}],"wp:term":[{"taxonomy":"category","embeddable":true,"href":"https:\/\/collegiumvocale.info\/index.php?rest_route=%2Fwp%2Fv2%2Fcategories&post=1016"},{"taxonomy":"post_tag","embeddable":true,"href":"https:\/\/collegiumvocale.info\/index.php?rest_route=%2Fwp%2Fv2%2Ftags&post=1016"}],"curies":[{"name":"wp","href":"https:\/\/api.w.org\/{rel}","templated":true}]}}